{"id":4182,"date":"2017-06-25T22:20:07","date_gmt":"2017-06-25T20:20:07","guid":{"rendered":"https:\/\/www.aneubau.at\/sgu\/saisonabschluss-unserer-mannschaft\/"},"modified":"2025-11-21T08:53:34","modified_gmt":"2025-11-21T07:53:34","slug":"saisonabschluss-unserer-mannschaft","status":"publish","type":"post","link":"https:\/\/www.sg-ulrichskirchen.at\/sgu\/saisonabschluss-unserer-mannschaft\/","title":{"rendered":"Saisonabschluss unserer Mannschaft"},"content":{"rendered":"<p style=\"text-align: center;\">\n\tAm 21. Juni fand unser Abschlusstraining statt.<\/p>\n<p style=\"text-align: center;\">\n\tZum letzten mal trainierten unsere Jungs in der Formation dieser Saison.<\/p>\n<p style=\"text-align: center;\">\n\tEinige Spieler, wie Zwoni First, Flo Koci, Mike Geier, &#8220;Baumi&#8221; Baumhauer, Geri Hrenek und Mahir Selimovic, wechseln entweder den Verein oder beenden ihre Fussballkariere.<\/p>\n<p style=\"text-align: center;\">\n\tMit dabei waren auch einige neue Burschen, die uns in der n\u00e4chsten Saison verst\u00e4rken.<\/p>\n<p style=\"text-align: center;\">\n\tDanach gab es ein gemeinsames Essen, und einen kurzen R\u00fcckblick auf das Fr\u00fchjahr 2017.&nbsp;<\/p>\n<p style=\"text-align: center;\">\n\tGratulation an unsere Reservemannschaft, die den hervoragenden 3. Platz in der Tabelle belegte, und nat\u00fcrlich den gelungenen Klassenerhalt unserer Kampfmannschaft.<\/p>\n<p style=\"text-align: center;\">\n\tUnser Obmann bedankte sich bei den Funktion\u00e4re, allen Helfern und Spielern. Und w\u00fcnscht nat\u00fcrlich den Jungs, die den Verein verlassen, alles Gute f\u00fcr ihre Zukunft. Auch der Trainer kam zu Wort, und erkl\u00e4rte unmissverst\u00e4dlich, dass wir n\u00e4chstes Jahr, nichts mit dem Abstieg zu tun haben wollen.<\/p>\n<p style=\"text-align: center;\">\n\tAuch ich m\u00f6chte mich, nach 12 Jahren, als Masseurin verabschieden und gebe das Zepter an einen jungen, ambitonierten Buschen weiter. Ich werde jedoch trotzdem f\u00fcr unsere Burschen da sein, nur eben in einem anderen Bereich.<\/p>\n<p style=\"text-align: center;\">\n\tAbschlie\u00dfend m\u00f6chte sich der&nbsp; Verein und die Spieler auch bei ihren Fans bedanken!<\/p>\n<p style=\"text-align: center;\">\n\t<img loading=\"lazy\" decoding=\"async\" class=\" size-full wp-image-4181\" alt=\"\" src=\"https:\/\/www.sg-ulrichskirchen.at\/sgu\/wp-content\/uploads\/2017\/06\/Abschl_1.jpg\" style=\"width: 385px; height: 289px;\" width=\"2335\" height=\"1752\" srcset=\"https:\/\/www.sg-ulrichskirchen.at\/sgu\/wp-content\/uploads\/2017\/06\/Abschl_1.jpg 2335w, https:\/\/www.sg-ulrichskirchen.at\/sgu\/wp-content\/uploads\/2017\/06\/Abschl_1-300x225.jpg 300w, https:\/\/www.sg-ulrichskirchen.at\/sgu\/wp-content\/uploads\/2017\/06\/Abschl_1-1024x768.jpg 1024w, https:\/\/www.sg-ulrichskirchen.at\/sgu\/wp-content\/uploads\/2017\/06\/Abschl_1-768x576.jpg 768w, https:\/\/www.sg-ulrichskirchen.at\/sgu\/wp-content\/uploads\/2017\/06\/Abschl_1-1536x1152.jpg 1536w, https:\/\/www.sg-ulrichskirchen.at\/sgu\/wp-content\/uploads\/2017\/06\/Abschl_1-2048x1537.jpg 2048w\" sizes=\"auto, (max-width: 2335px) 100vw, 2335px\" \/><\/p>\n<p style=\"text-align: center;\">\n\t&nbsp;<\/p>\n<p style=\"text-align: center;\">\n\t&nbsp;<\/p>\n<p style=\"text-align: center;\">\n\t&nbsp;<\/p>\n<p style=\"text-align: center;\">\n\t&nbsp;<\/p>\n<p style=\"text-align: center;\">\n\t&nbsp;<\/p>\n","protected":false},"excerpt":{"rendered":"<p>Am 21. Juni fand unser Abschlusstraining statt. Zum letzten mal trainierten unsere Jungs in der Formation dieser Saison. Einige Spieler, wie Zwoni First, Flo Koci, Mike Geier, &#8220;Baumi&#8221; Baumhauer, Geri Hrenek und Mahir Selimovic, wechseln entweder den Verein oder beenden ihre Fussballkariere. Mit dabei waren auch einige neue Burschen, die uns in der n\u00e4chsten Saison &#8230; <a title=\"Saisonabschluss unserer Mannschaft\" class=\"read-more\" href=\"https:\/\/www.sg-ulrichskirchen.at\/sgu\/saisonabschluss-unserer-mannschaft\/\" aria-label=\"Mehr Informationen \u00fcber Saisonabschluss unserer Mannschaft\">Weiterlesen<\/a><\/p>\n","protected":false},"author":1,"featured_media":4181,"comment_status":"closed","ping_status":"open","sticky":false,"template":"","format":"standard","meta":{"_price":"","_stock":"","_tribe_ticket_header":"","_tribe_default_ticket_provider":"","_tribe_ticket_capacity":"","_ticket_start_date":"","_ticket_end_date":"","_tribe_ticket_show_description":"","_tribe_ticket_show_not_going":false,"_tribe_ticket_use_global_stock":"","_tribe_ticket_global_stock_level":"","_global_stock_mode":"","_global_stock_cap":"","_tribe_rsvp_for_event":"","_tribe_ticket_going_count":"","_tribe_ticket_not_going_count":"","_tribe_tickets_list":"[]","_tribe_ticket_has_attendee_info_fields":false,"footnotes":""},"categories":[5],"tags":[],"class_list":["post-4182","post","type-post","status-publish","format-standard","has-post-thumbnail","hentry","category-archiv"],"_links":{"self":[{"href":"https:\/\/www.sg-ulrichskirchen.at\/sgu\/wp-json\/wp\/v2\/posts\/4182","targetHints":{"allow":["GET"]}}],"collection":[{"href":"https:\/\/www.sg-ulrichskirchen.at\/sgu\/wp-json\/wp\/v2\/posts"}],"about":[{"href":"https:\/\/www.sg-ulrichskirchen.at\/sgu\/wp-json\/wp\/v2\/types\/post"}],"author":[{"embeddable":true,"href":"https:\/\/www.sg-ulrichskirchen.at\/sgu\/wp-json\/wp\/v2\/users\/1"}],"replies":[{"embeddable":true,"href":"https:\/\/www.sg-ulrichskirchen.at\/sgu\/wp-json\/wp\/v2\/comments?post=4182"}],"version-history":[{"count":1,"href":"https:\/\/www.sg-ulrichskirchen.at\/sgu\/wp-json\/wp\/v2\/posts\/4182\/revisions"}],"predecessor-version":[{"id":4992,"href":"https:\/\/www.sg-ulrichskirchen.at\/sgu\/wp-json\/wp\/v2\/posts\/4182\/revisions\/4992"}],"wp:featuredmedia":[{"embeddable":true,"href":"https:\/\/www.sg-ulrichskirchen.at\/sgu\/wp-json\/wp\/v2\/media\/4181"}],"wp:attachment":[{"href":"https:\/\/www.sg-ulrichskirchen.at\/sgu\/wp-json\/wp\/v2\/media?parent=4182"}],"wp:term":[{"taxonomy":"category","embeddable":true,"href":"https:\/\/www.sg-ulrichskirchen.at\/sgu\/wp-json\/wp\/v2\/categories?post=4182"},{"taxonomy":"post_tag","embeddable":true,"href":"https:\/\/www.sg-ulrichskirchen.at\/sgu\/wp-json\/wp\/v2\/tags?post=4182"}],"curies":[{"name":"wp","href":"https:\/\/api.w.org\/{rel}","templated":true}]}}