{"id":4062,"date":"2017-03-16T10:17:47","date_gmt":"2017-03-16T09:17:47","guid":{"rendered":"https:\/\/www.aneubau.at\/sgu\/reservemannschaft-startet-erfolgreich-aus-der-winterpause\/"},"modified":"2025-11-21T08:54:22","modified_gmt":"2025-11-21T07:54:22","slug":"reservemannschaft-startet-erfolgreich-aus-der-winterpause","status":"publish","type":"post","link":"https:\/\/www.sg-ulrichskirchen.at\/sgu\/reservemannschaft-startet-erfolgreich-aus-der-winterpause\/","title":{"rendered":"Reservemannschaft startet erfolgreich aus der Winterpause"},"content":{"rendered":"<p>\n\tAm Mittwoch konnte die 2. Mannschaft das Nachtragsspiel gegen Angern f\u00fcr sich entscheiden. Am Anfang der Partie war noch die Winterpause bei beiden Mannschaften ersichtlich.<br \/>\n\tNach der 1:0 F\u00fchrung durch Sch\u00f6dl Stephan war die Torlaune er\u00f6ffnet.<br \/>\n\tIm weiteren Spielverlauf gab es Torchancen auf beiden Seiten wo wir das 1:1 hinnehmen mussten.<br \/>\n\tThomas Marschall 2x, Phillip Kipferling erzielten die verdiente F\u00fchrung.<\/p>\n<p>\n\tDurch einen wuchtiger Freisto\u00df &nbsp;konnte Angern noch auf 4:2 verk\u00fcrzen, kurz darauf traf jedoch unser Kapit\u00e4n Matthias Jagitsch durch einen Elfmeter zum 5:2.<\/p>\n<p>\n\tTrotz Ausschluss von Kiristis &nbsp;war die \u00dcberlegenheit noch deutlich zu sehen und dies wurde kurz vor Ende noch mit dem 6:2 durch Johannes Stacher belohnt.<\/p>\n","protected":false},"excerpt":{"rendered":"<p>Am Mittwoch konnte die 2. Mannschaft das Nachtragsspiel gegen Angern f\u00fcr sich entscheiden. Am Anfang der Partie war noch die Winterpause bei beiden Mannschaften ersichtlich. Nach der 1:0 F\u00fchrung durch Sch\u00f6dl Stephan war die Torlaune er\u00f6ffnet. Im weiteren Spielverlauf gab es Torchancen auf beiden Seiten wo wir das 1:1 hinnehmen mussten. Thomas Marschall 2x, Phillip &#8230; <a title=\"Reservemannschaft startet erfolgreich aus der Winterpause\" class=\"read-more\" href=\"https:\/\/www.sg-ulrichskirchen.at\/sgu\/reservemannschaft-startet-erfolgreich-aus-der-winterpause\/\" aria-label=\"Mehr Informationen \u00fcber Reservemannschaft startet erfolgreich aus der Winterpause\">Weiterlesen<\/a><\/p>\n","protected":false},"author":1,"featured_media":0,"comment_status":"closed","ping_status":"open","sticky":false,"template":"","format":"standard","meta":{"_price":"","_stock":"","_tribe_ticket_header":"","_tribe_default_ticket_provider":"","_tribe_ticket_capacity":"","_ticket_start_date":"","_ticket_end_date":"","_tribe_ticket_show_description":"","_tribe_ticket_show_not_going":false,"_tribe_ticket_use_global_stock":"","_tribe_ticket_global_stock_level":"","_global_stock_mode":"","_global_stock_cap":"","_tribe_rsvp_for_event":"","_tribe_ticket_going_count":"","_tribe_ticket_not_going_count":"","_tribe_tickets_list":"[]","_tribe_ticket_has_attendee_info_fields":false,"footnotes":""},"categories":[5],"tags":[],"class_list":["post-4062","post","type-post","status-publish","format-standard","hentry","category-archiv"],"_links":{"self":[{"href":"https:\/\/www.sg-ulrichskirchen.at\/sgu\/wp-json\/wp\/v2\/posts\/4062","targetHints":{"allow":["GET"]}}],"collection":[{"href":"https:\/\/www.sg-ulrichskirchen.at\/sgu\/wp-json\/wp\/v2\/posts"}],"about":[{"href":"https:\/\/www.sg-ulrichskirchen.at\/sgu\/wp-json\/wp\/v2\/types\/post"}],"author":[{"embeddable":true,"href":"https:\/\/www.sg-ulrichskirchen.at\/sgu\/wp-json\/wp\/v2\/users\/1"}],"replies":[{"embeddable":true,"href":"https:\/\/www.sg-ulrichskirchen.at\/sgu\/wp-json\/wp\/v2\/comments?post=4062"}],"version-history":[{"count":1,"href":"https:\/\/www.sg-ulrichskirchen.at\/sgu\/wp-json\/wp\/v2\/posts\/4062\/revisions"}],"predecessor-version":[{"id":5014,"href":"https:\/\/www.sg-ulrichskirchen.at\/sgu\/wp-json\/wp\/v2\/posts\/4062\/revisions\/5014"}],"wp:attachment":[{"href":"https:\/\/www.sg-ulrichskirchen.at\/sgu\/wp-json\/wp\/v2\/media?parent=4062"}],"wp:term":[{"taxonomy":"category","embeddable":true,"href":"https:\/\/www.sg-ulrichskirchen.at\/sgu\/wp-json\/wp\/v2\/categories?post=4062"},{"taxonomy":"post_tag","embeddable":true,"href":"https:\/\/www.sg-ulrichskirchen.at\/sgu\/wp-json\/wp\/v2\/tags?post=4062"}],"curies":[{"name":"wp","href":"https:\/\/api.w.org\/{rel}","templated":true}]}}