{"id":4020,"date":"2016-10-30T21:16:29","date_gmt":"2016-10-30T20:16:29","guid":{"rendered":"https:\/\/www.aneubau.at\/sgu\/daniel-brand-schiesst-uns-zum-2-1-gegen-angern\/"},"modified":"2025-11-21T08:54:23","modified_gmt":"2025-11-21T07:54:23","slug":"daniel-brand-schiesst-uns-zum-2-1-gegen-angern","status":"publish","type":"post","link":"https:\/\/www.sg-ulrichskirchen.at\/sgu\/daniel-brand-schiesst-uns-zum-2-1-gegen-angern\/","title":{"rendered":"Daniel Brand schie\u00dft uns zum 2:1 gegen Angern"},"content":{"rendered":"<p style=\"text-align: center;\"><strong>Kampfmannschaft 2:1<\/strong><\/p>\n<p style=\"text-align: center;\"><span style=\"text-decoration: underline;\">Torsch\u00fctzen:<\/span> Mahir Selimvic, Daniel Brand<\/p>\n<p style=\"text-align: center;\"><strong>Reserve: Abgesagt<\/strong><\/p>\n<p style=\"text-align: center;\"><img loading=\"lazy\" decoding=\"async\" class=\" size-full wp-image-4015\" src=\"https:\/\/www.sg-ulrichskirchen.at\/sgu\/wp-content\/uploads\/2016\/10\/AngernIV.jpg\" alt=\"\" width=\"370\" height=\"300\" srcset=\"https:\/\/www.sg-ulrichskirchen.at\/sgu\/wp-content\/uploads\/2016\/10\/AngernIV.jpg 2540w, https:\/\/www.sg-ulrichskirchen.at\/sgu\/wp-content\/uploads\/2016\/10\/AngernIV-300x243.jpg 300w, https:\/\/www.sg-ulrichskirchen.at\/sgu\/wp-content\/uploads\/2016\/10\/AngernIV-1024x829.jpg 1024w, https:\/\/www.sg-ulrichskirchen.at\/sgu\/wp-content\/uploads\/2016\/10\/AngernIV-768x622.jpg 768w, https:\/\/www.sg-ulrichskirchen.at\/sgu\/wp-content\/uploads\/2016\/10\/AngernIV-1536x1244.jpg 1536w, https:\/\/www.sg-ulrichskirchen.at\/sgu\/wp-content\/uploads\/2016\/10\/AngernIV-2048x1659.jpg 2048w\" sizes=\"auto, (max-width: 370px) 100vw, 370px\" \/><\/p>\n<p><!--more--><\/p>\n<p style=\"text-align: left;\">Das Spiel beginnt f\u00fcr uns sehr Vielversprechend, schon nach drei Min. schiebt&nbsp; Mahir Selimovic nach einer Flanke von Daniel Brand, den Ball ins Tor der Gegner.<\/p>\n<p style=\"text-align: left;\">&nbsp;Nach einer Reklamation, wegen einem nicht gegebenen Elfer,&nbsp; und einem Foul,&nbsp; sieht Michael Geier Gelb-Rot. Somit m\u00fcssen wir ab der 32. Min. mit einem Mann weniger spielen. Nach einer vergebenen Chance von Asmir Pekic auf das 2:0, gehen wir mit einem Tor Vorsprung in die Pause.<\/p>\n<p style=\"text-align: left;\">Wenige Min nach dem Wiederanpfiff f\u00e4llt der Ausgleich zum 1:1. Oliver Anzb\u00f6ck trifft unter die Latte. Angern dr\u00e4ngt weiterhin mit Chancen auf den Sieg. Wir k\u00e4mpfen jedoch, in Unterzahl weiter,&nbsp; und sind effizienter. Daniel Brand verwertet trocken einen Freisto\u00df in der 90. min. zum 2:1 . Mit diesem Sieg schieben wir uns auf den 6. Tabellenplatz vor.<\/p>\n<p style=\"text-align: center;\"><img loading=\"lazy\" decoding=\"async\" class=\" size-full wp-image-4016\" src=\"https:\/\/www.sg-ulrichskirchen.at\/sgu\/wp-content\/uploads\/2016\/10\/AngerIV.jpg\" alt=\"\" width=\"424\" height=\"434\" srcset=\"https:\/\/www.sg-ulrichskirchen.at\/sgu\/wp-content\/uploads\/2016\/10\/AngerIV.jpg 2403w, https:\/\/www.sg-ulrichskirchen.at\/sgu\/wp-content\/uploads\/2016\/10\/AngerIV-292x300.jpg 292w, https:\/\/www.sg-ulrichskirchen.at\/sgu\/wp-content\/uploads\/2016\/10\/AngerIV-998x1024.jpg 998w, https:\/\/www.sg-ulrichskirchen.at\/sgu\/wp-content\/uploads\/2016\/10\/AngerIV-768x788.jpg 768w, https:\/\/www.sg-ulrichskirchen.at\/sgu\/wp-content\/uploads\/2016\/10\/AngerIV-1497x1536.jpg 1497w, https:\/\/www.sg-ulrichskirchen.at\/sgu\/wp-content\/uploads\/2016\/10\/AngerIV-1996x2048.jpg 1996w\" sizes=\"auto, (max-width: 424px) 100vw, 424px\" \/><\/p>\n<p>&nbsp;<\/p>\n<p style=\"text-align: center;\"><img loading=\"lazy\" decoding=\"async\" class=\" size-full wp-image-4017\" src=\"https:\/\/www.sg-ulrichskirchen.at\/sgu\/wp-content\/uploads\/2016\/10\/Angern.jpg\" alt=\"\" width=\"434\" height=\"418\" srcset=\"https:\/\/www.sg-ulrichskirchen.at\/sgu\/wp-content\/uploads\/2016\/10\/Angern.jpg 2006w, https:\/\/www.sg-ulrichskirchen.at\/sgu\/wp-content\/uploads\/2016\/10\/Angern-300x290.jpg 300w, https:\/\/www.sg-ulrichskirchen.at\/sgu\/wp-content\/uploads\/2016\/10\/Angern-1024x988.jpg 1024w, https:\/\/www.sg-ulrichskirchen.at\/sgu\/wp-content\/uploads\/2016\/10\/Angern-768x741.jpg 768w, https:\/\/www.sg-ulrichskirchen.at\/sgu\/wp-content\/uploads\/2016\/10\/Angern-1536x1482.jpg 1536w\" sizes=\"auto, (max-width: 434px) 100vw, 434px\" \/><\/p>\n<p>&nbsp;<\/p>\n<p style=\"text-align: center;\"><img loading=\"lazy\" decoding=\"async\" class=\" size-full wp-image-4018\" src=\"https:\/\/www.sg-ulrichskirchen.at\/sgu\/wp-content\/uploads\/2016\/10\/AngernII.jpg\" alt=\"\" width=\"406\" height=\"485\" srcset=\"https:\/\/www.sg-ulrichskirchen.at\/sgu\/wp-content\/uploads\/2016\/10\/AngernII.jpg 1797w, https:\/\/www.sg-ulrichskirchen.at\/sgu\/wp-content\/uploads\/2016\/10\/AngernII-251x300.jpg 251w, https:\/\/www.sg-ulrichskirchen.at\/sgu\/wp-content\/uploads\/2016\/10\/AngernII-855x1024.jpg 855w, https:\/\/www.sg-ulrichskirchen.at\/sgu\/wp-content\/uploads\/2016\/10\/AngernII-768x920.jpg 768w, https:\/\/www.sg-ulrichskirchen.at\/sgu\/wp-content\/uploads\/2016\/10\/AngernII-1283x1536.jpg 1283w, https:\/\/www.sg-ulrichskirchen.at\/sgu\/wp-content\/uploads\/2016\/10\/AngernII-1710x2048.jpg 1710w\" sizes=\"auto, (max-width: 406px) 100vw, 406px\" \/><\/p>\n<p>&nbsp;<\/p>\n<p style=\"text-align: center;\"><img loading=\"lazy\" decoding=\"async\" class=\" size-full wp-image-4019\" src=\"https:\/\/www.sg-ulrichskirchen.at\/sgu\/wp-content\/uploads\/2016\/10\/AngernIII-scaled.jpg\" alt=\"\" width=\"425\" height=\"384\" srcset=\"https:\/\/www.sg-ulrichskirchen.at\/sgu\/wp-content\/uploads\/2016\/10\/AngernIII-scaled.jpg 2560w, https:\/\/www.sg-ulrichskirchen.at\/sgu\/wp-content\/uploads\/2016\/10\/AngernIII-300x271.jpg 300w, https:\/\/www.sg-ulrichskirchen.at\/sgu\/wp-content\/uploads\/2016\/10\/AngernIII-1024x927.jpg 1024w, https:\/\/www.sg-ulrichskirchen.at\/sgu\/wp-content\/uploads\/2016\/10\/AngernIII-768x695.jpg 768w, https:\/\/www.sg-ulrichskirchen.at\/sgu\/wp-content\/uploads\/2016\/10\/AngernIII-1536x1390.jpg 1536w, https:\/\/www.sg-ulrichskirchen.at\/sgu\/wp-content\/uploads\/2016\/10\/AngernIII-2048x1853.jpg 2048w\" sizes=\"auto, (max-width: 425px) 100vw, 425px\" \/><\/p>\n","protected":false},"excerpt":{"rendered":"<p>Kampfmannschaft 2:1 Torsch\u00fctzen: Mahir Selimvic, Daniel Brand Reserve: Abgesagt<\/p>\n","protected":false},"author":1,"featured_media":4015,"comment_status":"closed","ping_status":"open","sticky":false,"template":"","format":"standard","meta":{"_price":"","_stock":"","_tribe_ticket_header":"","_tribe_default_ticket_provider":"","_tribe_ticket_capacity":"","_ticket_start_date":"","_ticket_end_date":"","_tribe_ticket_show_description":"","_tribe_ticket_show_not_going":false,"_tribe_ticket_use_global_stock":"","_tribe_ticket_global_stock_level":"","_global_stock_mode":"","_global_stock_cap":"","_tribe_rsvp_for_event":"","_tribe_ticket_going_count":"","_tribe_ticket_not_going_count":"","_tribe_tickets_list":"[]","_tribe_ticket_has_attendee_info_fields":false,"footnotes":""},"categories":[5],"tags":[],"class_list":["post-4020","post","type-post","status-publish","format-standard","has-post-thumbnail","hentry","category-archiv"],"_links":{"self":[{"href":"https:\/\/www.sg-ulrichskirchen.at\/sgu\/wp-json\/wp\/v2\/posts\/4020","targetHints":{"allow":["GET"]}}],"collection":[{"href":"https:\/\/www.sg-ulrichskirchen.at\/sgu\/wp-json\/wp\/v2\/posts"}],"about":[{"href":"https:\/\/www.sg-ulrichskirchen.at\/sgu\/wp-json\/wp\/v2\/types\/post"}],"author":[{"embeddable":true,"href":"https:\/\/www.sg-ulrichskirchen.at\/sgu\/wp-json\/wp\/v2\/users\/1"}],"replies":[{"embeddable":true,"href":"https:\/\/www.sg-ulrichskirchen.at\/sgu\/wp-json\/wp\/v2\/comments?post=4020"}],"version-history":[{"count":1,"href":"https:\/\/www.sg-ulrichskirchen.at\/sgu\/wp-json\/wp\/v2\/posts\/4020\/revisions"}],"predecessor-version":[{"id":5020,"href":"https:\/\/www.sg-ulrichskirchen.at\/sgu\/wp-json\/wp\/v2\/posts\/4020\/revisions\/5020"}],"wp:featuredmedia":[{"embeddable":true,"href":"https:\/\/www.sg-ulrichskirchen.at\/sgu\/wp-json\/wp\/v2\/media\/4015"}],"wp:attachment":[{"href":"https:\/\/www.sg-ulrichskirchen.at\/sgu\/wp-json\/wp\/v2\/media?parent=4020"}],"wp:term":[{"taxonomy":"category","embeddable":true,"href":"https:\/\/www.sg-ulrichskirchen.at\/sgu\/wp-json\/wp\/v2\/categories?post=4020"},{"taxonomy":"post_tag","embeddable":true,"href":"https:\/\/www.sg-ulrichskirchen.at\/sgu\/wp-json\/wp\/v2\/tags?post=4020"}],"curies":[{"name":"wp","href":"https:\/\/api.w.org\/{rel}","templated":true}]}}