{"id":4014,"date":"2016-10-23T21:37:31","date_gmt":"2016-10-23T19:37:31","guid":{"rendered":"https:\/\/www.aneubau.at\/sgu\/wir-feiern-einen-klaren-und-verdienten-auswaertssieg-in-marchegg\/"},"modified":"2025-11-21T08:54:23","modified_gmt":"2025-11-21T07:54:23","slug":"wir-feiern-einen-klaren-und-verdienten-auswaertssieg-in-marchegg","status":"publish","type":"post","link":"https:\/\/www.sg-ulrichskirchen.at\/sgu\/wir-feiern-einen-klaren-und-verdienten-auswaertssieg-in-marchegg\/","title":{"rendered":"Wir feiern einen klaren und verdienten Ausw\u00e4rtssieg in Marchegg"},"content":{"rendered":"<p style=\"text-align: center;\">Die weite Anreise nach Marchegg unserer&nbsp; Mannschaften haben sich gelohnt.<\/p>\n<p style=\"text-align: center;\">Mit&nbsp; zwei klaren Siegen und sechs Punktenfahren wir nach Hause. Unsere Reserve liegt somit auf den hervoragenden zweiten Platz in der Tabelle.<\/p>\n<p style=\"text-align: center;\">Die Kampfmannschaft sichert sich nach diesem Sieg den siebenten Tabellenplatz, mit nur einen Punkt R\u00fcckstand auf die zwei vorderen Pl\u00e4tze.<\/p>\n<p style=\"text-align: center;\"><strong>Kampfmannschaft 0:4<\/strong><\/p>\n<p style=\"text-align: center;\"><span style=\"text-decoration: underline;\">Torsch\u00fctzen:<\/span> Baris Arzuman, Florian Koci, Martin Baumhauer, Asmir Pekic<\/p>\n<p style=\"text-align: center;\"><strong>Reserve 1:5<\/strong><\/p>\n<p style=\"text-align: center;\"><span style=\"text-decoration: underline;\">Torsch\u00fctzen:<\/span> Markus Moldaschl, Kevin Kirisits, Martin Baumhauer (2 Tore), Rene Erhardt<\/p>\n<p style=\"text-align: center;\"><img loading=\"lazy\" decoding=\"async\" class=\" size-full wp-image-4007\" src=\"https:\/\/www.sg-ulrichskirchen.at\/sgu\/wp-content\/uploads\/2016\/10\/March_KampfIII.jpg\" alt=\"\" width=\"392\" height=\"469\" srcset=\"https:\/\/www.sg-ulrichskirchen.at\/sgu\/wp-content\/uploads\/2016\/10\/March_KampfIII.jpg 2100w, https:\/\/www.sg-ulrichskirchen.at\/sgu\/wp-content\/uploads\/2016\/10\/March_KampfIII-251x300.jpg 251w, https:\/\/www.sg-ulrichskirchen.at\/sgu\/wp-content\/uploads\/2016\/10\/March_KampfIII-857x1024.jpg 857w, https:\/\/www.sg-ulrichskirchen.at\/sgu\/wp-content\/uploads\/2016\/10\/March_KampfIII-768x918.jpg 768w, https:\/\/www.sg-ulrichskirchen.at\/sgu\/wp-content\/uploads\/2016\/10\/March_KampfIII-1285x1536.jpg 1285w, https:\/\/www.sg-ulrichskirchen.at\/sgu\/wp-content\/uploads\/2016\/10\/March_KampfIII-1713x2048.jpg 1713w\" sizes=\"auto, (max-width: 392px) 100vw, 392px\" \/><\/p>\n<p>&nbsp;<\/p>\n<p><!--more--><\/p>\n<p>&nbsp;<\/p>\n<p style=\"text-align: center;\">Mit zwei guten Chancen starten wir gleich in die Partie. Danach bietet sich den Zuschauer ein offenes Spiel mit Chancen auf beiden Seiten. In der 30 min. entscheidet der Schiedsrichter nach einem Foul im gegnerischen Strafraum auf Elfmeter, den Baris Arzuman sicher verwertet. Mit dieser 1:0 F\u00fchrung geht es dann auch in die Pause. In der zweiten H\u00e4lfte schickt unser Trainer, Flo Koci statt Mahir Selimovic, auf das Feld, der sich in der 61. min. mit einem sehenswerten Treffer, und somit mit einer 2:0 F\u00fchrung bedankt. Danach haben wir das Spiel voll unter Kontrolle. Ein gl\u00fcckliches H\u00e4ndchen unseres Trainer beweist auch den Eintausch von Martin Baumhauer, der mit seinem Linken voll durchzieht,&nbsp; dem Marchegger Goali keine Chance l\u00e4\u00dft, und zum 3:0 netzt. 2 Min vor Schluss kr\u00f6nt Asmir Pekic,nach einem uneigenn\u00fctzigen Zuspiel von Flo Koci, unseren 4:0 Sieg.&nbsp;<\/p>\n<p style=\"text-align: center;\">&nbsp;<\/p>\n<p style=\"text-align: center;\"><img loading=\"lazy\" decoding=\"async\" class=\" size-full wp-image-4008\" src=\"https:\/\/www.sg-ulrichskirchen.at\/sgu\/wp-content\/uploads\/2016\/10\/March_Kampf.jpg\" alt=\"\" width=\"464\" height=\"474\" srcset=\"https:\/\/www.sg-ulrichskirchen.at\/sgu\/wp-content\/uploads\/2016\/10\/March_Kampf.jpg 2400w, https:\/\/www.sg-ulrichskirchen.at\/sgu\/wp-content\/uploads\/2016\/10\/March_Kampf-294x300.jpg 294w, https:\/\/www.sg-ulrichskirchen.at\/sgu\/wp-content\/uploads\/2016\/10\/March_Kampf-1005x1024.jpg 1005w, https:\/\/www.sg-ulrichskirchen.at\/sgu\/wp-content\/uploads\/2016\/10\/March_Kampf-768x783.jpg 768w, https:\/\/www.sg-ulrichskirchen.at\/sgu\/wp-content\/uploads\/2016\/10\/March_Kampf-1507x1536.jpg 1507w, https:\/\/www.sg-ulrichskirchen.at\/sgu\/wp-content\/uploads\/2016\/10\/March_Kampf-2009x2048.jpg 2009w\" sizes=\"auto, (max-width: 464px) 100vw, 464px\" \/>&nbsp; &nbsp;<\/p>\n<p style=\"text-align: center;\"><img loading=\"lazy\" decoding=\"async\" class=\" size-full wp-image-4009\" src=\"https:\/\/www.sg-ulrichskirchen.at\/sgu\/wp-content\/uploads\/2016\/10\/March_KampfIV.jpg\" alt=\"\" width=\"457\" height=\"393\" srcset=\"https:\/\/www.sg-ulrichskirchen.at\/sgu\/wp-content\/uploads\/2016\/10\/March_KampfIV.jpg 2400w, https:\/\/www.sg-ulrichskirchen.at\/sgu\/wp-content\/uploads\/2016\/10\/March_KampfIV-300x258.jpg 300w, https:\/\/www.sg-ulrichskirchen.at\/sgu\/wp-content\/uploads\/2016\/10\/March_KampfIV-1024x881.jpg 1024w, https:\/\/www.sg-ulrichskirchen.at\/sgu\/wp-content\/uploads\/2016\/10\/March_KampfIV-768x661.jpg 768w, https:\/\/www.sg-ulrichskirchen.at\/sgu\/wp-content\/uploads\/2016\/10\/March_KampfIV-1536x1322.jpg 1536w, https:\/\/www.sg-ulrichskirchen.at\/sgu\/wp-content\/uploads\/2016\/10\/March_KampfIV-2048x1763.jpg 2048w\" sizes=\"auto, (max-width: 457px) 100vw, 457px\" \/><\/p>\n<p style=\"text-align: center;\"><img loading=\"lazy\" decoding=\"async\" class=\" size-full wp-image-4010\" src=\"https:\/\/www.sg-ulrichskirchen.at\/sgu\/wp-content\/uploads\/2016\/10\/March_KampfI.jpg\" alt=\"\" width=\"453\" height=\"398\" srcset=\"https:\/\/www.sg-ulrichskirchen.at\/sgu\/wp-content\/uploads\/2016\/10\/March_KampfI.jpg 2400w, https:\/\/www.sg-ulrichskirchen.at\/sgu\/wp-content\/uploads\/2016\/10\/March_KampfI-300x264.jpg 300w, https:\/\/www.sg-ulrichskirchen.at\/sgu\/wp-content\/uploads\/2016\/10\/March_KampfI-1024x902.jpg 1024w, https:\/\/www.sg-ulrichskirchen.at\/sgu\/wp-content\/uploads\/2016\/10\/March_KampfI-768x676.jpg 768w, https:\/\/www.sg-ulrichskirchen.at\/sgu\/wp-content\/uploads\/2016\/10\/March_KampfI-1536x1353.jpg 1536w, https:\/\/www.sg-ulrichskirchen.at\/sgu\/wp-content\/uploads\/2016\/10\/March_KampfI-2048x1804.jpg 2048w\" sizes=\"auto, (max-width: 453px) 100vw, 453px\" \/><\/p>\n<p style=\"text-align: left;\"><img loading=\"lazy\" decoding=\"async\" class=\" size-full wp-image-4011\" src=\"https:\/\/www.sg-ulrichskirchen.at\/sgu\/wp-content\/uploads\/2016\/10\/March_KampfII.jpg\" alt=\"\" width=\"438\" height=\"389\" style=\"display: block; margin-left: auto; margin-right: auto;\" srcset=\"https:\/\/www.sg-ulrichskirchen.at\/sgu\/wp-content\/uploads\/2016\/10\/March_KampfII.jpg 2400w, https:\/\/www.sg-ulrichskirchen.at\/sgu\/wp-content\/uploads\/2016\/10\/March_KampfII-300x267.jpg 300w, https:\/\/www.sg-ulrichskirchen.at\/sgu\/wp-content\/uploads\/2016\/10\/March_KampfII-1024x910.jpg 1024w, https:\/\/www.sg-ulrichskirchen.at\/sgu\/wp-content\/uploads\/2016\/10\/March_KampfII-768x683.jpg 768w, https:\/\/www.sg-ulrichskirchen.at\/sgu\/wp-content\/uploads\/2016\/10\/March_KampfII-1536x1365.jpg 1536w, https:\/\/www.sg-ulrichskirchen.at\/sgu\/wp-content\/uploads\/2016\/10\/March_KampfII-2048x1820.jpg 2048w\" sizes=\"auto, (max-width: 438px) 100vw, 438px\" \/><\/p>\n<p style=\"text-align: center;\"><img loading=\"lazy\" decoding=\"async\" class=\" size-full wp-image-4012\" src=\"https:\/\/www.sg-ulrichskirchen.at\/sgu\/wp-content\/uploads\/2016\/10\/March_KampfV.jpg\" alt=\"\" width=\"429\" height=\"342\" srcset=\"https:\/\/www.sg-ulrichskirchen.at\/sgu\/wp-content\/uploads\/2016\/10\/March_KampfV.jpg 2400w, https:\/\/www.sg-ulrichskirchen.at\/sgu\/wp-content\/uploads\/2016\/10\/March_KampfV-300x239.jpg 300w, https:\/\/www.sg-ulrichskirchen.at\/sgu\/wp-content\/uploads\/2016\/10\/March_KampfV-1024x817.jpg 1024w, https:\/\/www.sg-ulrichskirchen.at\/sgu\/wp-content\/uploads\/2016\/10\/March_KampfV-768x613.jpg 768w, https:\/\/www.sg-ulrichskirchen.at\/sgu\/wp-content\/uploads\/2016\/10\/March_KampfV-1536x1226.jpg 1536w, https:\/\/www.sg-ulrichskirchen.at\/sgu\/wp-content\/uploads\/2016\/10\/March_KampfV-2048x1634.jpg 2048w\" sizes=\"auto, (max-width: 429px) 100vw, 429px\" \/><\/p>\n<p style=\"text-align: center;\"><img loading=\"lazy\" decoding=\"async\" class=\" size-full wp-image-4013\" src=\"https:\/\/www.sg-ulrichskirchen.at\/sgu\/wp-content\/uploads\/2016\/10\/March_Reserv-scaled.jpg\" alt=\"\" width=\"424\" height=\"260\" srcset=\"https:\/\/www.sg-ulrichskirchen.at\/sgu\/wp-content\/uploads\/2016\/10\/March_Reserv-scaled.jpg 2560w, https:\/\/www.sg-ulrichskirchen.at\/sgu\/wp-content\/uploads\/2016\/10\/March_Reserv-300x184.jpg 300w, https:\/\/www.sg-ulrichskirchen.at\/sgu\/wp-content\/uploads\/2016\/10\/March_Reserv-1024x629.jpg 1024w, https:\/\/www.sg-ulrichskirchen.at\/sgu\/wp-content\/uploads\/2016\/10\/March_Reserv-768x472.jpg 768w, https:\/\/www.sg-ulrichskirchen.at\/sgu\/wp-content\/uploads\/2016\/10\/March_Reserv-1536x943.jpg 1536w, https:\/\/www.sg-ulrichskirchen.at\/sgu\/wp-content\/uploads\/2016\/10\/March_Reserv-2048x1258.jpg 2048w\" sizes=\"auto, (max-width: 424px) 100vw, 424px\" \/><\/p>\n<p style=\"text-align: center;\">&nbsp;<\/p>\n<p>&nbsp;<\/p>\n<p>&nbsp;<\/p>\n<p>&nbsp;<\/p>\n","protected":false},"excerpt":{"rendered":"<p>Die weite Anreise nach Marchegg unserer&nbsp; Mannschaften haben sich gelohnt. Mit&nbsp; zwei klaren Siegen und sechs Punktenfahren wir nach Hause. Unsere Reserve liegt somit auf den hervoragenden zweiten Platz in der Tabelle. Die Kampfmannschaft sichert sich nach diesem Sieg den siebenten Tabellenplatz, mit nur einen Punkt R\u00fcckstand auf die zwei vorderen Pl\u00e4tze. Kampfmannschaft 0:4 Torsch\u00fctzen: &#8230; <a title=\"Wir feiern einen klaren und verdienten Ausw\u00e4rtssieg in Marchegg\" class=\"read-more\" href=\"https:\/\/www.sg-ulrichskirchen.at\/sgu\/wir-feiern-einen-klaren-und-verdienten-auswaertssieg-in-marchegg\/\" aria-label=\"Mehr Informationen \u00fcber Wir feiern einen klaren und verdienten Ausw\u00e4rtssieg in Marchegg\">Weiterlesen<\/a><\/p>\n","protected":false},"author":1,"featured_media":4007,"comment_status":"closed","ping_status":"open","sticky":false,"template":"","format":"standard","meta":{"_price":"","_stock":"","_tribe_ticket_header":"","_tribe_default_ticket_provider":"","_tribe_ticket_capacity":"","_ticket_start_date":"","_ticket_end_date":"","_tribe_ticket_show_description":"","_tribe_ticket_show_not_going":false,"_tribe_ticket_use_global_stock":"","_tribe_ticket_global_stock_level":"","_global_stock_mode":"","_global_stock_cap":"","_tribe_rsvp_for_event":"","_tribe_ticket_going_count":"","_tribe_ticket_not_going_count":"","_tribe_tickets_list":"[]","_tribe_ticket_has_attendee_info_fields":false,"footnotes":""},"categories":[5],"tags":[],"class_list":["post-4014","post","type-post","status-publish","format-standard","has-post-thumbnail","hentry","category-archiv"],"_links":{"self":[{"href":"https:\/\/www.sg-ulrichskirchen.at\/sgu\/wp-json\/wp\/v2\/posts\/4014","targetHints":{"allow":["GET"]}}],"collection":[{"href":"https:\/\/www.sg-ulrichskirchen.at\/sgu\/wp-json\/wp\/v2\/posts"}],"about":[{"href":"https:\/\/www.sg-ulrichskirchen.at\/sgu\/wp-json\/wp\/v2\/types\/post"}],"author":[{"embeddable":true,"href":"https:\/\/www.sg-ulrichskirchen.at\/sgu\/wp-json\/wp\/v2\/users\/1"}],"replies":[{"embeddable":true,"href":"https:\/\/www.sg-ulrichskirchen.at\/sgu\/wp-json\/wp\/v2\/comments?post=4014"}],"version-history":[{"count":1,"href":"https:\/\/www.sg-ulrichskirchen.at\/sgu\/wp-json\/wp\/v2\/posts\/4014\/revisions"}],"predecessor-version":[{"id":5021,"href":"https:\/\/www.sg-ulrichskirchen.at\/sgu\/wp-json\/wp\/v2\/posts\/4014\/revisions\/5021"}],"wp:featuredmedia":[{"embeddable":true,"href":"https:\/\/www.sg-ulrichskirchen.at\/sgu\/wp-json\/wp\/v2\/media\/4007"}],"wp:attachment":[{"href":"https:\/\/www.sg-ulrichskirchen.at\/sgu\/wp-json\/wp\/v2\/media?parent=4014"}],"wp:term":[{"taxonomy":"category","embeddable":true,"href":"https:\/\/www.sg-ulrichskirchen.at\/sgu\/wp-json\/wp\/v2\/categories?post=4014"},{"taxonomy":"post_tag","embeddable":true,"href":"https:\/\/www.sg-ulrichskirchen.at\/sgu\/wp-json\/wp\/v2\/tags?post=4014"}],"curies":[{"name":"wp","href":"https:\/\/api.w.org\/{rel}","templated":true}]}}