{"id":3987,"date":"2016-10-05T21:05:06","date_gmt":"2016-10-05T19:05:06","guid":{"rendered":"https:\/\/www.aneubau.at\/sgu\/die-sg-ulrichskirchen-nimmt-am-freitag-den-7-oktober-2016-abschied-von-unserem-gruendungsmitglied-ing-edi-loeffler\/"},"modified":"2025-11-21T08:54:23","modified_gmt":"2025-11-21T07:54:23","slug":"die-sg-ulrichskirchen-nimmt-am-freitag-den-7-oktober-2016-abschied-von-unserem-gruendungsmitglied-ing-edi-loeffler","status":"publish","type":"post","link":"https:\/\/www.sg-ulrichskirchen.at\/sgu\/die-sg-ulrichskirchen-nimmt-am-freitag-den-7-oktober-2016-abschied-von-unserem-gruendungsmitglied-ing-edi-loeffler\/","title":{"rendered":"Die SG ULRICHSKIRCHEN nimmt am Freitag, den 7. Oktober 2016  Abschied von unserem Gr\u00fcndungsmitglied  Ing.  Edi  L\u00f6ffler."},"content":{"rendered":"<p><span style=\"font-size: 12pt;\">Er war einer dieser Optimisten, die 1945 in schwierigen Zeiten unseren Verein gegr\u00fcndet haben.<\/span><\/p>\n<p><span style=\"font-size: 12pt;\">Er war von 1963 bis 1968 Sektionsleiter und danach in anderen wichtigen Funktionen unerm\u00fcdlich f\u00fcr den Sportverein t\u00e4tig.<\/span><\/p>\n<p><span style=\"font-size: 12pt;\">Am 17.11.1962 wurde er mit dem silbernen Ehrenzeichen des N. \u00d6. FB geehrt,<\/span><\/p>\n<p><span style=\"font-size: 12pt;\">und am 21. Juni 2015 erhielt er die Auszeichnung f\u00fcr Sportf\u00f6rderung in Gold.<\/span><\/p>\n<p><span style=\"font-size: 12pt;\">Noch im Fr\u00fchjahr besuchte Edi mit Gattin unsere Spiele und Veranstaltungen.<\/span><\/p>\n<p>&nbsp;<\/p>\n<p><img loading=\"lazy\" decoding=\"async\" class=\" size-full wp-image-3986\" src=\"https:\/\/www.sg-ulrichskirchen.at\/sgu\/wp-content\/uploads\/2016\/10\/Loeffler.png\" alt=\"Loeffler\" width=\"310\" height=\"376\" style=\"display: block; margin-left: auto; margin-right: auto;\" srcset=\"https:\/\/www.sg-ulrichskirchen.at\/sgu\/wp-content\/uploads\/2016\/10\/Loeffler.png 463w, https:\/\/www.sg-ulrichskirchen.at\/sgu\/wp-content\/uploads\/2016\/10\/Loeffler-248x300.png 248w\" sizes=\"auto, (max-width: 310px) 100vw, 310px\" \/><\/p>\n<p>&nbsp;<\/p>\n<p><span style=\"font-size: 14pt;\">Die SG Ulrichskirchen bedankt sich f\u00fcr seine Leidenschaft, Verbundenheit und Unterst\u00fctzung.<\/span><\/p>\n<p>&nbsp;<\/p>\n<p>&nbsp;<\/p>\n","protected":false},"excerpt":{"rendered":"<p>Er war einer dieser Optimisten, die 1945 in schwierigen Zeiten unseren Verein gegr\u00fcndet haben. Er war von 1963 bis 1968 Sektionsleiter und danach in anderen wichtigen Funktionen unerm\u00fcdlich f\u00fcr den Sportverein t\u00e4tig. Am 17.11.1962 wurde er mit dem silbernen Ehrenzeichen des N. \u00d6. FB geehrt, und am 21. Juni 2015 erhielt er die Auszeichnung f\u00fcr &#8230; <a title=\"Die SG ULRICHSKIRCHEN nimmt am Freitag, den 7. Oktober 2016  Abschied von unserem Gr\u00fcndungsmitglied  Ing.  Edi  L\u00f6ffler.\" class=\"read-more\" href=\"https:\/\/www.sg-ulrichskirchen.at\/sgu\/die-sg-ulrichskirchen-nimmt-am-freitag-den-7-oktober-2016-abschied-von-unserem-gruendungsmitglied-ing-edi-loeffler\/\" aria-label=\"Mehr Informationen \u00fcber Die SG ULRICHSKIRCHEN nimmt am Freitag, den 7. Oktober 2016  Abschied von unserem Gr\u00fcndungsmitglied  Ing.  Edi  L\u00f6ffler.\">Weiterlesen<\/a><\/p>\n","protected":false},"author":1,"featured_media":3986,"comment_status":"closed","ping_status":"open","sticky":false,"template":"","format":"standard","meta":{"_price":"","_stock":"","_tribe_ticket_header":"","_tribe_default_ticket_provider":"","_tribe_ticket_capacity":"","_ticket_start_date":"","_ticket_end_date":"","_tribe_ticket_show_description":"","_tribe_ticket_show_not_going":false,"_tribe_ticket_use_global_stock":"","_tribe_ticket_global_stock_level":"","_global_stock_mode":"","_global_stock_cap":"","_tribe_rsvp_for_event":"","_tribe_ticket_going_count":"","_tribe_ticket_not_going_count":"","_tribe_tickets_list":"[]","_tribe_ticket_has_attendee_info_fields":false,"footnotes":""},"categories":[5],"tags":[],"class_list":["post-3987","post","type-post","status-publish","format-standard","has-post-thumbnail","hentry","category-archiv"],"_links":{"self":[{"href":"https:\/\/www.sg-ulrichskirchen.at\/sgu\/wp-json\/wp\/v2\/posts\/3987","targetHints":{"allow":["GET"]}}],"collection":[{"href":"https:\/\/www.sg-ulrichskirchen.at\/sgu\/wp-json\/wp\/v2\/posts"}],"about":[{"href":"https:\/\/www.sg-ulrichskirchen.at\/sgu\/wp-json\/wp\/v2\/types\/post"}],"author":[{"embeddable":true,"href":"https:\/\/www.sg-ulrichskirchen.at\/sgu\/wp-json\/wp\/v2\/users\/1"}],"replies":[{"embeddable":true,"href":"https:\/\/www.sg-ulrichskirchen.at\/sgu\/wp-json\/wp\/v2\/comments?post=3987"}],"version-history":[{"count":1,"href":"https:\/\/www.sg-ulrichskirchen.at\/sgu\/wp-json\/wp\/v2\/posts\/3987\/revisions"}],"predecessor-version":[{"id":5024,"href":"https:\/\/www.sg-ulrichskirchen.at\/sgu\/wp-json\/wp\/v2\/posts\/3987\/revisions\/5024"}],"wp:featuredmedia":[{"embeddable":true,"href":"https:\/\/www.sg-ulrichskirchen.at\/sgu\/wp-json\/wp\/v2\/media\/3986"}],"wp:attachment":[{"href":"https:\/\/www.sg-ulrichskirchen.at\/sgu\/wp-json\/wp\/v2\/media?parent=3987"}],"wp:term":[{"taxonomy":"category","embeddable":true,"href":"https:\/\/www.sg-ulrichskirchen.at\/sgu\/wp-json\/wp\/v2\/categories?post=3987"},{"taxonomy":"post_tag","embeddable":true,"href":"https:\/\/www.sg-ulrichskirchen.at\/sgu\/wp-json\/wp\/v2\/tags?post=3987"}],"curies":[{"name":"wp","href":"https:\/\/api.w.org\/{rel}","templated":true}]}}